{"id":17349,"date":"2026-01-28T17:22:16","date_gmt":"2026-01-28T17:22:16","guid":{"rendered":"https:\/\/leyton.com\/es\/?post_type=news&#038;p=17349"},"modified":"2026-01-29T08:52:45","modified_gmt":"2026-01-29T08:52:45","slug":"valencia-elegida-como-sede-para-el-sailgp-2026-en-espana-el-evento-de-competicion-de-vela-internacional-llega-a-la-costa-mediterranea","status":"publish","type":"news","link":"https:\/\/leyton.com\/es\/news\/valencia-elegida-como-sede-para-el-sailgp-2026-en-espana-el-evento-de-competicion-de-vela-internacional-llega-a-la-costa-mediterranea\/","title":{"rendered":"VALENCIA, ELEGIDA COMO SEDE PARA EL SAILGP 2026 EN ESPA\u00d1A: El evento de competici\u00f3n de vela internacional llega a la costa mediterr\u00e1nea."},"content":{"rendered":"\n<p>Despu\u00e9s de un exitoso SAILGP 2025 que dej\u00f3 huella en la ciudad de C\u00e1diz, con emocionantes regatas que conquistaron a miles de aficionados, este evento de \u00e9lite se traslada a la costa del levante espa\u00f1ol. Valencia, una ciudad que se ha consolidado como referente en el \u00e1mbito deportivo y mar\u00edtimo, ha sido la elegida para acoger esta incre\u00edble competici\u00f3n.<\/p>\n\n\n\n<p>Con su imponente costa mediterr\u00e1nea y su vibrante cultura n\u00e1utica, la ciudad del Turia, se prepara para recibir a los mejores navegantes del planeta en una temporada que marcar\u00e1 un nuevo hito en la historia del SAILGP.<\/p>\n\n\n\n<div style=\"height:30px\" aria-hidden=\"true\" class=\"wp-block-spacer\"><\/div>\n\n\n\n<h2 class=\"wp-block-heading has-primary-color has-text-color has-link-color wp-elements-998ed8bbd7ae381e552bd82db9ba1003\">OTRAS 12 CIUDADES EMBLEMATICAS COMO ESCENARIOS DE ESTA TEMPORADA<\/h2>\n\n\n\n<p>Programado para los d\u00edas <strong>5 y 6 de septiembre de 2026<\/strong>, el <strong>SailGP&nbsp; Valencia<\/strong> ser\u00e1 la \u00fanica parada espa\u00f1ola dentro del circuito internacionalque compone la temporada 2026, la cual comenz\u00f3 en enero con el evento inaugural en <strong>Perth (Australia)<\/strong> y ha continuado por ciudades como Auckland y Sydney.<\/p>\n\n\n\n<figure class=\"wp-block-image size-full\"><img decoding=\"async\" width=\"936\" height=\"247\" src=\"https:\/\/leyton.com\/es\/wp-content\/uploads\/sites\/12\/2026\/01\/Picture1.png\" alt=\"\" class=\"wp-image-17350\" srcset=\"https:\/\/leyton.com\/es\/wp-content\/uploads\/sites\/12\/2026\/01\/Picture1.png 936w, https:\/\/leyton.com\/es\/wp-content\/uploads\/sites\/12\/2026\/01\/Picture1-400x106.png 400w, https:\/\/leyton.com\/es\/wp-content\/uploads\/sites\/12\/2026\/01\/Picture1-150x40.png 150w, https:\/\/leyton.com\/es\/wp-content\/uploads\/sites\/12\/2026\/01\/Picture1-768x203.png 768w\" sizes=\"(max-width: 936px) 100vw, 936px\" \/><\/figure>\n\n\n\n<div style=\"height:20px\" aria-hidden=\"true\" class=\"wp-block-spacer\"><\/div>\n\n\n\n<h2 class=\"wp-block-heading has-primary-color has-text-color has-link-color wp-elements-0ebd08ebbf19d9790bf67cebc18a8007\">LEYTON COMO PATROCINADOR OFICIAL DEL EQUIPO FRANC\u00c9S DE VELA<\/h2>\n\n\n\n<p>Esta temporada 2026, Leyton vuelve a apostar por el equipo franc\u00e9s en la competici\u00f3n, continuando como patrocinador oficial junto a K-Challenge Racing. Esta acci\u00f3n reafirma su compromiso con la <strong>excelencia competitiva, la tecnolog\u00eda punta y los valores compartidos de innovaci\u00f3n y rendimiento<\/strong>.<\/p>\n\n\n\n<p>Como novedad, el equipo frances se ver\u00e1 identificado como <em>DS Automobiles SailGP Team France, <\/em>al contar con el respaldo de la marca <strong>DS Automobiles, sin olvidar el apoyo del resto de patrocinadores como Leyton, ALL Accor L \u2019Or\u00e9al Group yCoalition Capital<\/strong>, respaldada por el famoso futbolista <strong><a href=\"https:\/\/as.com\/masdeporte\/polideportivo\/mbappe-tiene-nuevo-equipo-france-sailgp-n\/\">Kylian Mbapp\u00e9<\/a>.<\/strong><\/p>\n\n\n\n<div style=\"height:15px\" aria-hidden=\"true\" class=\"wp-block-spacer\"><\/div>\n\n\n\n<figure class=\"wp-block-gallery alignwide has-nested-images columns-default is-cropped wp-block-gallery-1 is-layout-flex wp-block-gallery-is-layout-flex\">\n<figure class=\"wp-block-image size-full\"><img decoding=\"async\" width=\"800\" height=\"524\" data-id=\"17363\" src=\"https:\/\/leyton.com\/es\/wp-content\/uploads\/sites\/12\/2026\/01\/IBERIA-EVENTS-NEWSLETTER-IMAGES-26-3.jpg\" alt=\"\" class=\"wp-image-17363\" srcset=\"https:\/\/leyton.com\/es\/wp-content\/uploads\/sites\/12\/2026\/01\/IBERIA-EVENTS-NEWSLETTER-IMAGES-26-3.jpg 800w, https:\/\/leyton.com\/es\/wp-content\/uploads\/sites\/12\/2026\/01\/IBERIA-EVENTS-NEWSLETTER-IMAGES-26-3-400x262.jpg 400w, https:\/\/leyton.com\/es\/wp-content\/uploads\/sites\/12\/2026\/01\/IBERIA-EVENTS-NEWSLETTER-IMAGES-26-3-150x98.jpg 150w, https:\/\/leyton.com\/es\/wp-content\/uploads\/sites\/12\/2026\/01\/IBERIA-EVENTS-NEWSLETTER-IMAGES-26-3-768x503.jpg 768w\" sizes=\"(max-width: 800px) 100vw, 800px\" \/><figcaption class=\"wp-element-caption\">SailGP website<\/figcaption><\/figure>\n\n\n\n<figure class=\"wp-block-image size-full\"><img decoding=\"async\" width=\"800\" height=\"524\" data-id=\"17364\" src=\"https:\/\/leyton.com\/es\/wp-content\/uploads\/sites\/12\/2026\/01\/8-2.jpg\" alt=\"\" class=\"wp-image-17364\" srcset=\"https:\/\/leyton.com\/es\/wp-content\/uploads\/sites\/12\/2026\/01\/8-2.jpg 800w, https:\/\/leyton.com\/es\/wp-content\/uploads\/sites\/12\/2026\/01\/8-2-400x262.jpg 400w, https:\/\/leyton.com\/es\/wp-content\/uploads\/sites\/12\/2026\/01\/8-2-150x98.jpg 150w, https:\/\/leyton.com\/es\/wp-content\/uploads\/sites\/12\/2026\/01\/8-2-768x503.jpg 768w\" sizes=\"(max-width: 800px) 100vw, 800px\" \/><figcaption class=\"wp-element-caption\">SailGP website<\/figcaption><\/figure>\n<\/figure>\n\n\n\n<div style=\"height:15px\" aria-hidden=\"true\" class=\"wp-block-spacer\"><\/div>\n\n\n\n<p>El equipo, dirigido por el experimentado regatista <strong>Quentin Delapierre, c<\/strong>ontar\u00e1 con una tripulaci\u00f3n de alto nivel, destacando a miembros como <strong>Manon Audinet<\/strong>, quien ejercer\u00e1 como estratega y <strong>Jason Saunders<\/strong>, reconocido por su destreza como flight controller. Junto a ellos, <strong>Leigh McMillan<\/strong>, <strong>Timoth\u00e9 Lapauw<\/strong>, y otros talentosos atletas completan el equipo que competir\u00e1 a bordo de un catamar\u00e1n F50, una m\u00e1quina de alta tecnolog\u00eda dise\u00f1ada para alcanzar velocidades superiores a los 100 km\/h gracias a sus innovadores foils.<\/p>\n\n\n\n<div style=\"height:20px\" aria-hidden=\"true\" class=\"wp-block-spacer\"><\/div>\n\n\n\n<h2 class=\"wp-block-heading has-primary-color has-text-color has-link-color wp-elements-da5f37a67bc8dcdd06cc6aa00e4af6d2\">EL CIERRE DE LA TEMPORADA 2025 EN ABU DHABI<\/h2>\n\n\n\n<p>La temporada 2025 de SailGP cerr\u00f3 con una final muy disputada en <strong>Abu Dhabi<\/strong>, donde el <strong>Emirates GBR SailGP Team<\/strong> se coron\u00f3 campe\u00f3n tras una Gran Final memorable, destacando su constancia y fortaleza durante todas las pruebas celebradas.<\/p>\n\n\n<div class=\"wp-block-image\">\n<figure class=\"aligncenter size-large\"><img decoding=\"async\" width=\"1024\" height=\"407\" src=\"https:\/\/leyton.com\/es\/wp-content\/uploads\/sites\/12\/2026\/01\/winners-2025-1024x407.jpg\" alt=\"\" class=\"wp-image-17351\" srcset=\"https:\/\/leyton.com\/es\/wp-content\/uploads\/sites\/12\/2026\/01\/winners-2025-1024x407.jpg 1024w, https:\/\/leyton.com\/es\/wp-content\/uploads\/sites\/12\/2026\/01\/winners-2025-400x159.jpg 400w, https:\/\/leyton.com\/es\/wp-content\/uploads\/sites\/12\/2026\/01\/winners-2025-150x60.jpg 150w, https:\/\/leyton.com\/es\/wp-content\/uploads\/sites\/12\/2026\/01\/winners-2025-768x305.jpg 768w, https:\/\/leyton.com\/es\/wp-content\/uploads\/sites\/12\/2026\/01\/winners-2025.jpg 1074w\" sizes=\"(max-width: 1024px) 100vw, 1024px\" \/><figcaption class=\"wp-element-caption\">SailGP website<\/figcaption><\/figure><\/div>\n\n\n<div style=\"height:15px\" aria-hidden=\"true\" class=\"wp-block-spacer\"><\/div>\n\n\n\n<p>La campa\u00f1a 2026 arranc\u00f3 con gran expectaci\u00f3n a principios de a\u00f1o en Australia. Las primeras regatas en Auckland marcaron el inicio de esta competici\u00f3n que se extiende por cinco continentes y que combina intensidad deportiva con innovaci\u00f3n tecnol\u00f3gica en los conocidos <em>\u2018catamaranes voladores\u2019 <\/em>capaces de alcanzar velocidades espectaculares.<\/p>\n\n\n\n<div style=\"height:20px\" aria-hidden=\"true\" class=\"wp-block-spacer\"><\/div>\n\n\n\n<h2 class=\"wp-block-heading has-primary-color has-text-color has-link-color wp-elements-fb0357cc0b19db470252e5435da91530\">SAILGP 2026: M\u00c1S QUE UNA REGATA<\/h2>\n\n\n\n<p>M\u00e1s all\u00e1 de las carreras, Sail GP sigue combinando deporte y prop\u00f3sito: con su <strong>Impact League<\/strong>, la competici\u00f3n no solo premia la velocidad en el agua, sino tambi\u00e9n el compromiso con el medio ambiente y la sostenibilidad, aspectos cada vez m\u00e1s centrales para todos los equipos y patrocinadores.<\/p>\n\n\n\n<p>Desde Leyton, estamos emocionados de lo que deparar\u00e1 esta nueva temporada y esperamos ansiosos la parada en Valencia, en la cual, ofreceremos a nuestros clientes, prospectos y colaboradores una experiencia a\u00fan mejor que la que vivimos el a\u00f1o pasado en la ciudad de C\u00e1diz.<\/p>\n\n\n<section id=\"cta-block\" class=\"ori-cta full-w \"><div class=\"cta-container \">\n    <div class=\"ori-container\">\n        <h4><\/h4>\n        <p><\/p>\n        <a href=\"https:\/\/www.youtube.com\/watch?v=3HVnGOX6VFk\" class=\"ori-btn ori-p_btn\" target=\"\">REVIVE EL SAILGP 2025 EN C\u00c1DIZ<\/a>\n    <\/div>\n<\/div><\/section>\n\n\n<p>No dejes de seguir los resultados y las novedades con nosotros.<\/p>\n\n\n\n<p>\u00a1Nos vemos en Valencia!<\/p>\n","protected":false},"excerpt":{"rendered":"<p>Despu\u00e9s de un exitoso SAILGP 2025 que dej\u00f3 huella en la ciudad de C\u00e1diz, con emocionantes regatas que conquistaron a miles de aficionados, este evento de \u00e9lite se traslada a la costa del levante espa\u00f1ol. Valencia, una ciudad que se ha consolidado como referente en el \u00e1mbito deportivo y mar\u00edtimo, ha sido la elegida para [&hellip;]<\/p>\n","protected":false},"featured_media":17352,"template":"","meta":{"_acf_changed":false},"categories":[11],"tags":[156],"class_list":["post-17349","news","type-news","status-publish","has-post-thumbnail","hentry","category-industria","tag-innovacion"],"acf":[],"yoast_head":"<!-- This site is optimized with the Yoast SEO plugin v24.4 - https:\/\/yoast.com\/wordpress\/plugins\/seo\/ -->\n<title>Valencia, elegida como sede para el SailGP 2026 | Leyton Espa\u00f1a<\/title>\n<meta name=\"description\" content=\"VALENCIA, ELEGIDA COMO SEDE PARA EL SAILGP 2026 EN ESPA\u00d1A: El evento de competici\u00f3n de vela internacional llega a la costa mediterr\u00e1nea.\" \/>\n<meta name=\"robots\" content=\"index, follow, max-snippet:-1, max-image-preview:large, max-video-preview:-1\" \/>\n<link rel=\"canonical\" href=\"https:\/\/leyton.com\/es\/news\/valencia-elegida-como-sede-para-el-sailgp-2026-en-espana-el-evento-de-competicion-de-vela-internacional-llega-a-la-costa-mediterranea\/\" \/>\n<meta property=\"og:locale\" content=\"en_US\" \/>\n<meta property=\"og:type\" content=\"article\" \/>\n<meta property=\"og:title\" content=\"Valencia, elegida como sede para el SailGP 2026 | Leyton Espa\u00f1a\" \/>\n<meta property=\"og:description\" content=\"VALENCIA, ELEGIDA COMO SEDE PARA EL SAILGP 2026 EN ESPA\u00d1A: El evento de competici\u00f3n de vela internacional llega a la costa mediterr\u00e1nea.\" \/>\n<meta property=\"og:url\" content=\"https:\/\/leyton.com\/es\/news\/valencia-elegida-como-sede-para-el-sailgp-2026-en-espana-el-evento-de-competicion-de-vela-internacional-llega-a-la-costa-mediterranea\/\" \/>\n<meta property=\"og:site_name\" content=\"Spain\" \/>\n<meta property=\"article:modified_time\" content=\"2026-01-29T08:52:45+00:00\" \/>\n<meta property=\"og:image\" content=\"https:\/\/leyton.com\/es\/wp-content\/uploads\/sites\/12\/2026\/01\/m6195_RP2_7861.jpg\" \/>\n\t<meta property=\"og:image:width\" content=\"1920\" \/>\n\t<meta property=\"og:image:height\" content=\"1301\" \/>\n\t<meta property=\"og:image:type\" content=\"image\/jpeg\" \/>\n<meta name=\"twitter:card\" content=\"summary_large_image\" \/>\n<meta name=\"twitter:label1\" content=\"Est. reading time\" \/>\n\t<meta name=\"twitter:data1\" content=\"3 minutes\" \/>\n<script type=\"application\/ld+json\" class=\"yoast-schema-graph\">{\"@context\":\"https:\/\/schema.org\",\"@graph\":[{\"@type\":\"WebPage\",\"@id\":\"https:\/\/leyton.com\/es\/news\/valencia-elegida-como-sede-para-el-sailgp-2026-en-espana-el-evento-de-competicion-de-vela-internacional-llega-a-la-costa-mediterranea\/\",\"url\":\"https:\/\/leyton.com\/es\/news\/valencia-elegida-como-sede-para-el-sailgp-2026-en-espana-el-evento-de-competicion-de-vela-internacional-llega-a-la-costa-mediterranea\/\",\"name\":\"Valencia, elegida como sede para el SailGP 2026 | Leyton Espa\u00f1a\",\"isPartOf\":{\"@id\":\"https:\/\/leyton.com\/es\/#website\"},\"primaryImageOfPage\":{\"@id\":\"https:\/\/leyton.com\/es\/news\/valencia-elegida-como-sede-para-el-sailgp-2026-en-espana-el-evento-de-competicion-de-vela-internacional-llega-a-la-costa-mediterranea\/#primaryimage\"},\"image\":{\"@id\":\"https:\/\/leyton.com\/es\/news\/valencia-elegida-como-sede-para-el-sailgp-2026-en-espana-el-evento-de-competicion-de-vela-internacional-llega-a-la-costa-mediterranea\/#primaryimage\"},\"thumbnailUrl\":\"https:\/\/leyton.com\/es\/wp-content\/uploads\/sites\/12\/2026\/01\/m6195_RP2_7861.jpg\",\"datePublished\":\"2026-01-28T17:22:16+00:00\",\"dateModified\":\"2026-01-29T08:52:45+00:00\",\"description\":\"VALENCIA, ELEGIDA COMO SEDE PARA EL SAILGP 2026 EN ESPA\u00d1A: El evento de competici\u00f3n de vela internacional llega a la costa mediterr\u00e1nea.\",\"breadcrumb\":{\"@id\":\"https:\/\/leyton.com\/es\/news\/valencia-elegida-como-sede-para-el-sailgp-2026-en-espana-el-evento-de-competicion-de-vela-internacional-llega-a-la-costa-mediterranea\/#breadcrumb\"},\"inLanguage\":\"en-US\",\"potentialAction\":[{\"@type\":\"ReadAction\",\"target\":[\"https:\/\/leyton.com\/es\/news\/valencia-elegida-como-sede-para-el-sailgp-2026-en-espana-el-evento-de-competicion-de-vela-internacional-llega-a-la-costa-mediterranea\/\"]}]},{\"@type\":\"ImageObject\",\"inLanguage\":\"en-US\",\"@id\":\"https:\/\/leyton.com\/es\/news\/valencia-elegida-como-sede-para-el-sailgp-2026-en-espana-el-evento-de-competicion-de-vela-internacional-llega-a-la-costa-mediterranea\/#primaryimage\",\"url\":\"https:\/\/leyton.com\/es\/wp-content\/uploads\/sites\/12\/2026\/01\/m6195_RP2_7861.jpg\",\"contentUrl\":\"https:\/\/leyton.com\/es\/wp-content\/uploads\/sites\/12\/2026\/01\/m6195_RP2_7861.jpg\",\"width\":1920,\"height\":1301,\"caption\":\"SailGP Valencia\"},{\"@type\":\"BreadcrumbList\",\"@id\":\"https:\/\/leyton.com\/es\/news\/valencia-elegida-como-sede-para-el-sailgp-2026-en-espana-el-evento-de-competicion-de-vela-internacional-llega-a-la-costa-mediterranea\/#breadcrumb\",\"itemListElement\":[{\"@type\":\"ListItem\",\"position\":1,\"name\":\"Home\",\"item\":\"https:\/\/leyton.com\/es\/\"},{\"@type\":\"ListItem\",\"position\":2,\"name\":\"VALENCIA, ELEGIDA COMO SEDE PARA EL SAILGP 2026 EN ESPA\u00d1A: El evento de competici\u00f3n de vela internacional llega a la costa mediterr\u00e1nea.\"}]},{\"@type\":\"WebSite\",\"@id\":\"https:\/\/leyton.com\/es\/#website\",\"url\":\"https:\/\/leyton.com\/es\/\",\"name\":\"Leyton\",\"description\":\"Nuestros equipos te ayudar\u00e1n a mejorar el rendimiento operacional de tu empresa\",\"publisher\":{\"@id\":\"https:\/\/leyton.com\/es\/#organization\"},\"alternateName\":\"Leyton\",\"potentialAction\":[{\"@type\":\"SearchAction\",\"target\":{\"@type\":\"EntryPoint\",\"urlTemplate\":\"https:\/\/leyton.com\/es\/?s={search_term_string}\"},\"query-input\":{\"@type\":\"PropertyValueSpecification\",\"valueRequired\":true,\"valueName\":\"search_term_string\"}}],\"inLanguage\":\"en-US\"},{\"@type\":\"Organization\",\"@id\":\"https:\/\/leyton.com\/es\/#organization\",\"name\":\"Leyton\",\"alternateName\":\"Leyton\",\"url\":\"https:\/\/leyton.com\/es\/\",\"logo\":{\"@type\":\"ImageObject\",\"inLanguage\":\"en-US\",\"@id\":\"https:\/\/leyton.com\/es\/#\/schema\/logo\/image\/\",\"url\":\"https:\/\/leyton.com\/es\/wp-content\/uploads\/sites\/12\/2023\/06\/Orange-O.png\",\"contentUrl\":\"https:\/\/leyton.com\/es\/wp-content\/uploads\/sites\/12\/2023\/06\/Orange-O.png\",\"width\":951,\"height\":907,\"caption\":\"Leyton\"},\"image\":{\"@id\":\"https:\/\/leyton.com\/es\/#\/schema\/logo\/image\/\"}}]}<\/script>\n<!-- \/ Yoast SEO plugin. -->","yoast_head_json":{"title":"Valencia, elegida como sede para el SailGP 2026 | Leyton Espa\u00f1a","description":"VALENCIA, ELEGIDA COMO SEDE PARA EL SAILGP 2026 EN ESPA\u00d1A: El evento de competici\u00f3n de vela internacional llega a la costa mediterr\u00e1nea.","robots":{"index":"index","follow":"follow","max-snippet":"max-snippet:-1","max-image-preview":"max-image-preview:large","max-video-preview":"max-video-preview:-1"},"canonical":"https:\/\/leyton.com\/es\/news\/valencia-elegida-como-sede-para-el-sailgp-2026-en-espana-el-evento-de-competicion-de-vela-internacional-llega-a-la-costa-mediterranea\/","og_locale":"en_US","og_type":"article","og_title":"Valencia, elegida como sede para el SailGP 2026 | Leyton Espa\u00f1a","og_description":"VALENCIA, ELEGIDA COMO SEDE PARA EL SAILGP 2026 EN ESPA\u00d1A: El evento de competici\u00f3n de vela internacional llega a la costa mediterr\u00e1nea.","og_url":"https:\/\/leyton.com\/es\/news\/valencia-elegida-como-sede-para-el-sailgp-2026-en-espana-el-evento-de-competicion-de-vela-internacional-llega-a-la-costa-mediterranea\/","og_site_name":"Spain","article_modified_time":"2026-01-29T08:52:45+00:00","og_image":[{"width":1920,"height":1301,"url":"https:\/\/leyton.com\/es\/wp-content\/uploads\/sites\/12\/2026\/01\/m6195_RP2_7861.jpg","type":"image\/jpeg"}],"twitter_card":"summary_large_image","twitter_misc":{"Est. reading time":"3 minutes"},"schema":{"@context":"https:\/\/schema.org","@graph":[{"@type":"WebPage","@id":"https:\/\/leyton.com\/es\/news\/valencia-elegida-como-sede-para-el-sailgp-2026-en-espana-el-evento-de-competicion-de-vela-internacional-llega-a-la-costa-mediterranea\/","url":"https:\/\/leyton.com\/es\/news\/valencia-elegida-como-sede-para-el-sailgp-2026-en-espana-el-evento-de-competicion-de-vela-internacional-llega-a-la-costa-mediterranea\/","name":"Valencia, elegida como sede para el SailGP 2026 | Leyton Espa\u00f1a","isPartOf":{"@id":"https:\/\/leyton.com\/es\/#website"},"primaryImageOfPage":{"@id":"https:\/\/leyton.com\/es\/news\/valencia-elegida-como-sede-para-el-sailgp-2026-en-espana-el-evento-de-competicion-de-vela-internacional-llega-a-la-costa-mediterranea\/#primaryimage"},"image":{"@id":"https:\/\/leyton.com\/es\/news\/valencia-elegida-como-sede-para-el-sailgp-2026-en-espana-el-evento-de-competicion-de-vela-internacional-llega-a-la-costa-mediterranea\/#primaryimage"},"thumbnailUrl":"https:\/\/leyton.com\/es\/wp-content\/uploads\/sites\/12\/2026\/01\/m6195_RP2_7861.jpg","datePublished":"2026-01-28T17:22:16+00:00","dateModified":"2026-01-29T08:52:45+00:00","description":"VALENCIA, ELEGIDA COMO SEDE PARA EL SAILGP 2026 EN ESPA\u00d1A: El evento de competici\u00f3n de vela internacional llega a la costa mediterr\u00e1nea.","breadcrumb":{"@id":"https:\/\/leyton.com\/es\/news\/valencia-elegida-como-sede-para-el-sailgp-2026-en-espana-el-evento-de-competicion-de-vela-internacional-llega-a-la-costa-mediterranea\/#breadcrumb"},"inLanguage":"en-US","potentialAction":[{"@type":"ReadAction","target":["https:\/\/leyton.com\/es\/news\/valencia-elegida-como-sede-para-el-sailgp-2026-en-espana-el-evento-de-competicion-de-vela-internacional-llega-a-la-costa-mediterranea\/"]}]},{"@type":"ImageObject","inLanguage":"en-US","@id":"https:\/\/leyton.com\/es\/news\/valencia-elegida-como-sede-para-el-sailgp-2026-en-espana-el-evento-de-competicion-de-vela-internacional-llega-a-la-costa-mediterranea\/#primaryimage","url":"https:\/\/leyton.com\/es\/wp-content\/uploads\/sites\/12\/2026\/01\/m6195_RP2_7861.jpg","contentUrl":"https:\/\/leyton.com\/es\/wp-content\/uploads\/sites\/12\/2026\/01\/m6195_RP2_7861.jpg","width":1920,"height":1301,"caption":"SailGP Valencia"},{"@type":"BreadcrumbList","@id":"https:\/\/leyton.com\/es\/news\/valencia-elegida-como-sede-para-el-sailgp-2026-en-espana-el-evento-de-competicion-de-vela-internacional-llega-a-la-costa-mediterranea\/#breadcrumb","itemListElement":[{"@type":"ListItem","position":1,"name":"Home","item":"https:\/\/leyton.com\/es\/"},{"@type":"ListItem","position":2,"name":"VALENCIA, ELEGIDA COMO SEDE PARA EL SAILGP 2026 EN ESPA\u00d1A: El evento de competici\u00f3n de vela internacional llega a la costa mediterr\u00e1nea."}]},{"@type":"WebSite","@id":"https:\/\/leyton.com\/es\/#website","url":"https:\/\/leyton.com\/es\/","name":"Leyton","description":"Nuestros equipos te ayudar\u00e1n a mejorar el rendimiento operacional de tu empresa","publisher":{"@id":"https:\/\/leyton.com\/es\/#organization"},"alternateName":"Leyton","potentialAction":[{"@type":"SearchAction","target":{"@type":"EntryPoint","urlTemplate":"https:\/\/leyton.com\/es\/?s={search_term_string}"},"query-input":{"@type":"PropertyValueSpecification","valueRequired":true,"valueName":"search_term_string"}}],"inLanguage":"en-US"},{"@type":"Organization","@id":"https:\/\/leyton.com\/es\/#organization","name":"Leyton","alternateName":"Leyton","url":"https:\/\/leyton.com\/es\/","logo":{"@type":"ImageObject","inLanguage":"en-US","@id":"https:\/\/leyton.com\/es\/#\/schema\/logo\/image\/","url":"https:\/\/leyton.com\/es\/wp-content\/uploads\/sites\/12\/2023\/06\/Orange-O.png","contentUrl":"https:\/\/leyton.com\/es\/wp-content\/uploads\/sites\/12\/2023\/06\/Orange-O.png","width":951,"height":907,"caption":"Leyton"},"image":{"@id":"https:\/\/leyton.com\/es\/#\/schema\/logo\/image\/"}}]}},"_links":{"self":[{"href":"https:\/\/leyton.com\/es\/wp-json\/wp\/v2\/news\/17349"}],"collection":[{"href":"https:\/\/leyton.com\/es\/wp-json\/wp\/v2\/news"}],"about":[{"href":"https:\/\/leyton.com\/es\/wp-json\/wp\/v2\/types\/news"}],"wp:featuredmedia":[{"embeddable":true,"href":"https:\/\/leyton.com\/es\/wp-json\/wp\/v2\/media\/17352"}],"wp:attachment":[{"href":"https:\/\/leyton.com\/es\/wp-json\/wp\/v2\/media?parent=17349"}],"wp:term":[{"taxonomy":"category","embeddable":true,"href":"https:\/\/leyton.com\/es\/wp-json\/wp\/v2\/categories?post=17349"},{"taxonomy":"post_tag","embeddable":true,"href":"https:\/\/leyton.com\/es\/wp-json\/wp\/v2\/tags?post=17349"}],"curies":[{"name":"wp","href":"https:\/\/api.w.org\/{rel}","templated":true}]}}